{"id":1052,"date":"2025-12-16T21:15:03","date_gmt":"2025-12-17T00:15:03","guid":{"rendered":"https:\/\/embrevenoar.com.br\/amali\/?p=1052"},"modified":"2025-12-16T21:15:03","modified_gmt":"2025-12-17T00:15:03","slug":"e-possivel-viver-alem-do-toc","status":"publish","type":"post","link":"https:\/\/embrevenoar.com.br\/amali\/e-possivel-viver-alem-do-toc\/","title":{"rendered":"\u00c9 poss\u00edvel viver al\u00e9m do TOC"},"content":{"rendered":"\n<p class=\"wp-block-paragraph\"><\/p>\n\n\n\n<p class=\"wp-block-paragraph\">Conviver com o TOC pode ser desafiador, mas ele n\u00e3o define quem voc\u00ea \u00e9. Com informa\u00e7\u00e3o, suporte e tratamento adequado, \u00e9 poss\u00edvel reconstruir a rela\u00e7\u00e3o com seus pensamentos e reduzir significativamente o impacto do transtorno no dia a dia.<\/p>\n\n\n\n<p class=\"wp-block-paragraph\">Viver al\u00e9m do TOC significa aprender a lidar com a ansiedade, desenvolver novas estrat\u00e9gias emocionais e resgatar aquilo que realmente importa: qualidade de vida, autonomia e prop\u00f3sito.<br>Voc\u00ea n\u00e3o est\u00e1 sozinho nesse caminho \u2014 o cuidado certo faz toda a diferen\u00e7a.<\/p>\n","protected":false},"excerpt":{"rendered":"<p>Conviver com o TOC pode ser desafiador, mas ele n\u00e3o define quem voc\u00ea \u00e9. Com informa\u00e7\u00e3o, suporte e tratamento adequado, \u00e9 poss\u00edvel reconstruir a rela\u00e7\u00e3o com seus pensamentos e reduzir significativamente o impacto do transtorno no dia a dia. Viver al\u00e9m do TOC significa aprender a lidar com a ansiedade, desenvolver novas estrat\u00e9gias emocionais e [&hellip;]<\/p>\n","protected":false},"author":1,"featured_media":1053,"comment_status":"open","ping_status":"open","sticky":false,"template":"","format":"standard","meta":{"footnotes":""},"categories":[1],"tags":[],"class_list":["post-1052","post","type-post","status-publish","format-standard","has-post-thumbnail","hentry","category-uncategorized"],"_links":{"self":[{"href":"https:\/\/embrevenoar.com.br\/amali\/wp-json\/wp\/v2\/posts\/1052","targetHints":{"allow":["GET"]}}],"collection":[{"href":"https:\/\/embrevenoar.com.br\/amali\/wp-json\/wp\/v2\/posts"}],"about":[{"href":"https:\/\/embrevenoar.com.br\/amali\/wp-json\/wp\/v2\/types\/post"}],"author":[{"embeddable":true,"href":"https:\/\/embrevenoar.com.br\/amali\/wp-json\/wp\/v2\/users\/1"}],"replies":[{"embeddable":true,"href":"https:\/\/embrevenoar.com.br\/amali\/wp-json\/wp\/v2\/comments?post=1052"}],"version-history":[{"count":1,"href":"https:\/\/embrevenoar.com.br\/amali\/wp-json\/wp\/v2\/posts\/1052\/revisions"}],"predecessor-version":[{"id":1054,"href":"https:\/\/embrevenoar.com.br\/amali\/wp-json\/wp\/v2\/posts\/1052\/revisions\/1054"}],"wp:featuredmedia":[{"embeddable":true,"href":"https:\/\/embrevenoar.com.br\/amali\/wp-json\/wp\/v2\/media\/1053"}],"wp:attachment":[{"href":"https:\/\/embrevenoar.com.br\/amali\/wp-json\/wp\/v2\/media?parent=1052"}],"wp:term":[{"taxonomy":"category","embeddable":true,"href":"https:\/\/embrevenoar.com.br\/amali\/wp-json\/wp\/v2\/categories?post=1052"},{"taxonomy":"post_tag","embeddable":true,"href":"https:\/\/embrevenoar.com.br\/amali\/wp-json\/wp\/v2\/tags?post=1052"}],"curies":[{"name":"wp","href":"https:\/\/api.w.org\/{rel}","templated":true}]}}