{"id":270,"date":"2026-04-22T18:42:36","date_gmt":"2026-04-22T21:42:36","guid":{"rendered":"https:\/\/embrevenoar.com.br\/infoagro\/?p=270"},"modified":"2026-04-24T00:26:21","modified_gmt":"2026-04-24T03:26:21","slug":"avanco-da-colheita-de-soja-e-impulsionado-por-clima-favoravel-e-janelas-de-sol-nas-principais-regioes","status":"publish","type":"post","link":"https:\/\/embrevenoar.com.br\/infoagro\/avanco-da-colheita-de-soja-e-impulsionado-por-clima-favoravel-e-janelas-de-sol-nas-principais-regioes\/","title":{"rendered":"Avan\u00e7o da Colheita de Soja \u00e9 Impulsionado por Clima Favor\u00e1vel e Janelas de Sol nas Principais Regi\u00f5es"},"content":{"rendered":"\n<p class=\"wp-block-paragraph\">O ritmo de colheita da safra de soja ganhou uma intensidade sem precedentes nos \u00faltimos dez dias. Com o fim do per\u00edodo de chuvas intensas em estados como Mato Grosso e Goi\u00e1s, as frotas de colheitadeiras est\u00e3o operando em turno integral para retirar o gr\u00e3o do campo no est\u00e1gio ideal de umidade. De acordo com consultorias especializadas, a agilidade neste momento \u00e9 crucial para evitar perdas por excesso de matura\u00e7\u00e3o ou deprecia\u00e7\u00e3o da qualidade comercial do produto.<\/p>\n\n\n\n<h2 class=\"wp-block-heading\">Desafios clim\u00e1ticos e a variabilidade regional<\/h2>\n\n\n\n<p class=\"wp-block-paragraph\">Apesar do otimismo predominante, o cen\u00e1rio n\u00e3o \u00e9 uniforme em todo o territ\u00f3rio nacional. Enquanto o Centro-Oeste avan\u00e7a a passos largos, algumas regi\u00f5es do Sul ainda enfrentam a instabilidade causada por frentes frias tardias, o que exige um planejamento log\u00edstico muito mais rigoroso por parte dos produtores locais.<\/p>\n\n\n\n<p class=\"wp-block-paragraph\">A qualidade do gr\u00e3o que chega aos armaz\u00e9ns \u00e9 considerada satisfat\u00f3ria at\u00e9 o momento. No entanto, o setor agora volta os olhos para a log\u00edstica de escoamento. O aumento repentino na oferta pode gerar gargalos nos terminais de transbordo, tornando a gest\u00e3o de fretes um fator determinante para a lucratividade final da safra.<\/p>\n\n\n\n<p class=\"wp-block-paragraph\"><\/p>\n","protected":false},"excerpt":{"rendered":"<p>Produtores aceleram o ritmo das m\u00e1quinas para garantir a qualidade do gr\u00e3o, enquanto o mercado monitora de perto os rendimentos das \u00e1reas colhidas precocemente.<\/p>\n","protected":false},"author":1,"featured_media":271,"comment_status":"open","ping_status":"open","sticky":false,"template":"","format":"standard","meta":{"footnotes":""},"categories":[11],"tags":[6,7,5],"class_list":["post-270","post","type-post","status-publish","format-standard","has-post-thumbnail","hentry","category-agro","tag-agro","tag-clima","tag-soja"],"views":30,"_links":{"self":[{"href":"https:\/\/embrevenoar.com.br\/infoagro\/wp-json\/wp\/v2\/posts\/270","targetHints":{"allow":["GET"]}}],"collection":[{"href":"https:\/\/embrevenoar.com.br\/infoagro\/wp-json\/wp\/v2\/posts"}],"about":[{"href":"https:\/\/embrevenoar.com.br\/infoagro\/wp-json\/wp\/v2\/types\/post"}],"author":[{"embeddable":true,"href":"https:\/\/embrevenoar.com.br\/infoagro\/wp-json\/wp\/v2\/users\/1"}],"replies":[{"embeddable":true,"href":"https:\/\/embrevenoar.com.br\/infoagro\/wp-json\/wp\/v2\/comments?post=270"}],"version-history":[{"count":1,"href":"https:\/\/embrevenoar.com.br\/infoagro\/wp-json\/wp\/v2\/posts\/270\/revisions"}],"predecessor-version":[{"id":272,"href":"https:\/\/embrevenoar.com.br\/infoagro\/wp-json\/wp\/v2\/posts\/270\/revisions\/272"}],"wp:featuredmedia":[{"embeddable":true,"href":"https:\/\/embrevenoar.com.br\/infoagro\/wp-json\/wp\/v2\/media\/271"}],"wp:attachment":[{"href":"https:\/\/embrevenoar.com.br\/infoagro\/wp-json\/wp\/v2\/media?parent=270"}],"wp:term":[{"taxonomy":"category","embeddable":true,"href":"https:\/\/embrevenoar.com.br\/infoagro\/wp-json\/wp\/v2\/categories?post=270"},{"taxonomy":"post_tag","embeddable":true,"href":"https:\/\/embrevenoar.com.br\/infoagro\/wp-json\/wp\/v2\/tags?post=270"}],"curies":[{"name":"wp","href":"https:\/\/api.w.org\/{rel}","templated":true}]}}