{"id":279,"date":"2026-04-22T18:55:20","date_gmt":"2026-04-22T21:55:20","guid":{"rendered":"https:\/\/embrevenoar.com.br\/infoagro\/?p=279"},"modified":"2026-04-24T00:25:53","modified_gmt":"2026-04-24T03:25:53","slug":"credito-rural-verde-o-novo-incentivo-para-a-agricultura-de-baixo-carbono","status":"publish","type":"post","link":"https:\/\/embrevenoar.com.br\/infoagro\/credito-rural-verde-o-novo-incentivo-para-a-agricultura-de-baixo-carbono\/","title":{"rendered":"Cr\u00e9dito Rural Verde: O Novo Incentivo para a Agricultura de Baixo Carbono"},"content":{"rendered":"\n<p class=\"wp-block-paragraph\">A busca por uma produ\u00e7\u00e3o mais equilibrada ambientalmente est\u00e1 transformando o sistema financeiro do agroneg\u00f3cio. Institui\u00e7\u00f5es banc\u00e1rias e cooperativas de cr\u00e9dito anunciaram recentemente pacotes de financiamento com taxas de juros reduzidas para propriedades que comprovam a ado\u00e7\u00e3o de t\u00e9cnicas sustent\u00e1veis. O foco \u00e9 incentivar a transi\u00e7\u00e3o do modelo tradicional para sistemas que sequestram carbono, como o plantio direto e o manejo de pastagens degradadas.<\/p>\n\n\n\n<h2 class=\"wp-block-heading\">Integra\u00e7\u00e3o Lavoura-Pecu\u00e1ria-Floresta (ILPF)<\/h2>\n\n\n\n<p class=\"wp-block-paragraph\">Dentro deste novo ecossistema financeiro, o sistema ILPF ganha destaque como a principal vitrine da agricultura moderna. Ao combinar diferentes atividades na mesma \u00e1rea, o produtor n\u00e3o apenas diversifica sua fonte de renda, mas tamb\u00e9m melhora a qualidade biol\u00f3gica do solo e cria um microclima favor\u00e1vel para os animais.<\/p>\n\n\n\n<p class=\"wp-block-paragraph\">O acesso a esses recursos &#8220;verdes&#8221; exige que o produtor mantenha o Cadastro Ambiental Rural (CAR) rigorosamente atualizado e apresente relat\u00f3rios t\u00e9cnicos de impacto. Esse movimento est\u00e1 gerando uma profissionaliza\u00e7\u00e3o acelerada na gest\u00e3o das fazendas, onde a preserva\u00e7\u00e3o ambiental deixou de ser vista como um custo e passou a ser um ativo financeiro estrat\u00e9gico para o crescimento do neg\u00f3cio.<\/p>\n","protected":false},"excerpt":{"rendered":"<p>Cooperativas e institui\u00e7\u00f5es financeiras lan\u00e7am linhas de cr\u00e9dito exclusivas para produtores que adotam pr\u00e1ticas regenerativas e de recupera\u00e7\u00e3o de solo.<\/p>\n","protected":false},"author":1,"featured_media":280,"comment_status":"open","ping_status":"open","sticky":false,"template":"","format":"standard","meta":{"footnotes":""},"categories":[14],"tags":[29,27,28],"class_list":["post-279","post","type-post","status-publish","format-standard","has-post-thumbnail","hentry","category-credito-rural","tag-baixo-carbono","tag-credito","tag-incentivo"],"views":32,"_links":{"self":[{"href":"https:\/\/embrevenoar.com.br\/infoagro\/wp-json\/wp\/v2\/posts\/279","targetHints":{"allow":["GET"]}}],"collection":[{"href":"https:\/\/embrevenoar.com.br\/infoagro\/wp-json\/wp\/v2\/posts"}],"about":[{"href":"https:\/\/embrevenoar.com.br\/infoagro\/wp-json\/wp\/v2\/types\/post"}],"author":[{"embeddable":true,"href":"https:\/\/embrevenoar.com.br\/infoagro\/wp-json\/wp\/v2\/users\/1"}],"replies":[{"embeddable":true,"href":"https:\/\/embrevenoar.com.br\/infoagro\/wp-json\/wp\/v2\/comments?post=279"}],"version-history":[{"count":1,"href":"https:\/\/embrevenoar.com.br\/infoagro\/wp-json\/wp\/v2\/posts\/279\/revisions"}],"predecessor-version":[{"id":281,"href":"https:\/\/embrevenoar.com.br\/infoagro\/wp-json\/wp\/v2\/posts\/279\/revisions\/281"}],"wp:featuredmedia":[{"embeddable":true,"href":"https:\/\/embrevenoar.com.br\/infoagro\/wp-json\/wp\/v2\/media\/280"}],"wp:attachment":[{"href":"https:\/\/embrevenoar.com.br\/infoagro\/wp-json\/wp\/v2\/media?parent=279"}],"wp:term":[{"taxonomy":"category","embeddable":true,"href":"https:\/\/embrevenoar.com.br\/infoagro\/wp-json\/wp\/v2\/categories?post=279"},{"taxonomy":"post_tag","embeddable":true,"href":"https:\/\/embrevenoar.com.br\/infoagro\/wp-json\/wp\/v2\/tags?post=279"}],"curies":[{"name":"wp","href":"https:\/\/api.w.org\/{rel}","templated":true}]}}