{"id":303,"date":"2025-08-07T15:29:27","date_gmt":"2025-08-07T18:29:27","guid":{"rendered":"https:\/\/embrevenoar.com.br\/livelle\/?p=303"},"modified":"2025-08-07T15:38:43","modified_gmt":"2025-08-07T18:38:43","slug":"como-se-preparar-para-a-depilacao-a-laser-guia-completo","status":"publish","type":"post","link":"https:\/\/embrevenoar.com.br\/livelle\/como-se-preparar-para-a-depilacao-a-laser-guia-completo\/","title":{"rendered":"Como se preparar para a depila\u00e7\u00e3o a laser: guia completo"},"content":{"rendered":"\t\t<div data-elementor-type=\"wp-post\" data-elementor-id=\"303\" class=\"elementor elementor-303\" data-elementor-post-type=\"post\">\n\t\t\t\t<div class=\"elementor-element elementor-element-5e4a893a e-flex e-con-boxed e-con e-parent\" data-id=\"5e4a893a\" data-element_type=\"container\">\n\t\t\t\t\t<div class=\"e-con-inner\">\n\t\t\t\t<div class=\"elementor-element elementor-element-6d63cba elementor-widget elementor-widget-text-editor\" data-id=\"6d63cba\" data-element_type=\"widget\" data-widget_type=\"text-editor.default\">\n\t\t\t\t<div class=\"elementor-widget-container\">\n\t\t\t\t\t\t\t\t\t\n<p class=\"wp-block-paragraph\">A depila\u00e7\u00e3o a laser \u00e9 uma das formas mais eficazes e duradouras de se livrar dos pelos indesejados. No entanto, para garantir seguran\u00e7a, conforto e melhores resultados, \u00e9 essencial se preparar corretamente antes das sess\u00f5es. Neste guia completo, explicamos tudo o que voc\u00ea precisa saber.<\/p>\n\n<h4 class=\"wp-block-heading\"><strong>1. Evite m\u00e9todos de remo\u00e7\u00e3o que arrancam o pelo pela raiz<\/strong><\/h4>\n\n<p class=\"wp-block-paragraph\">Nas quatro semanas que antecedem o procedimento, evite o uso de cera, pin\u00e7a ou qualquer outro m\u00e9todo que remova o pelo da raiz. Isso porque o laser precisa da raiz do pelo para ser eficaz.<\/p>\n\n<h4 class=\"wp-block-heading\"><strong>2. Raspe a \u00e1rea 24 horas antes<\/strong><\/h4>\n\n<p class=\"wp-block-paragraph\">A recomenda\u00e7\u00e3o \u00e9 raspar a regi\u00e3o a ser tratada com l\u00e2mina no dia anterior \u00e0 sess\u00e3o. Isso ajuda a evitar irrita\u00e7\u00f5es e garante que o laser atue diretamente na raiz do pelo.<\/p>\n\n<h4 class=\"wp-block-heading\"><strong>3. Proteja-se do sol<\/strong><\/h4>\n\n<p class=\"wp-block-paragraph\">Evite exposi\u00e7\u00e3o solar direta na \u00e1rea tratada por pelo menos 15 dias antes da sess\u00e3o. O bronzeamento pode aumentar o risco de manchas e queimaduras.<\/p>\n\n<h4 class=\"wp-block-heading\"><strong>4. N\u00e3o use produtos na pele no dia da sess\u00e3o<\/strong><\/h4>\n\n<p class=\"wp-block-paragraph\">Evite aplicar cremes, \u00f3leos, perfumes ou desodorantes na regi\u00e3o no dia da sess\u00e3o. A pele deve estar limpa e seca para garantir efic\u00e1cia e seguran\u00e7a.<\/p>\n\n<h4 class=\"wp-block-heading\"><strong>5. Informe sobre medicamentos<\/strong><\/h4>\n\n<p class=\"wp-block-paragraph\">Alguns medicamentos podem deixar a pele mais sens\u00edvel ao laser. Informe ao profissional todos os rem\u00e9dios em uso, principalmente antibi\u00f3ticos, retin\u00f3ides e tratamentos hormonais.<\/p>\n\n<blockquote class=\"wp-block-quote is-layout-flow wp-block-quote-is-layout-flow\">\n<p class=\"wp-block-paragraph\">A prepara\u00e7\u00e3o correta garante sess\u00f5es mais seguras, confort\u00e1veis e com resultados mais r\u00e1pidos. Procure sempre uma cl\u00ednica especializada com profissionais capacitados.<\/p>\n<\/blockquote>\n\n<p class=\"wp-block-paragraph\">\u00a0<\/p>\n\t\t\t\t\t\t\t\t<\/div>\n\t\t\t\t<\/div>\n\t\t\t\t\t<\/div>\n\t\t\t\t<\/div>\n\t\t\t\t<\/div>\n\t\t","protected":false},"excerpt":{"rendered":"<p>A depila\u00e7\u00e3o a laser \u00e9 uma das formas mais eficazes e duradouras de se livrar dos pelos indesejados. No entanto, para garantir seguran\u00e7a, conforto e melhores resultados, \u00e9 essencial se preparar corretamente antes das sess\u00f5es. Neste guia completo, explicamos tudo o que voc\u00ea precisa saber. 1. Evite m\u00e9todos de remo\u00e7\u00e3o que arrancam o pelo pela [&hellip;]<\/p>\n","protected":false},"author":1,"featured_media":306,"comment_status":"open","ping_status":"open","sticky":false,"template":"","format":"standard","meta":{"footnotes":""},"categories":[9],"tags":[],"class_list":["post-303","post","type-post","status-publish","format-standard","has-post-thumbnail","hentry","category-depilacao-a-laser"],"_links":{"self":[{"href":"https:\/\/embrevenoar.com.br\/livelle\/wp-json\/wp\/v2\/posts\/303","targetHints":{"allow":["GET"]}}],"collection":[{"href":"https:\/\/embrevenoar.com.br\/livelle\/wp-json\/wp\/v2\/posts"}],"about":[{"href":"https:\/\/embrevenoar.com.br\/livelle\/wp-json\/wp\/v2\/types\/post"}],"author":[{"embeddable":true,"href":"https:\/\/embrevenoar.com.br\/livelle\/wp-json\/wp\/v2\/users\/1"}],"replies":[{"embeddable":true,"href":"https:\/\/embrevenoar.com.br\/livelle\/wp-json\/wp\/v2\/comments?post=303"}],"version-history":[{"count":7,"href":"https:\/\/embrevenoar.com.br\/livelle\/wp-json\/wp\/v2\/posts\/303\/revisions"}],"predecessor-version":[{"id":324,"href":"https:\/\/embrevenoar.com.br\/livelle\/wp-json\/wp\/v2\/posts\/303\/revisions\/324"}],"wp:featuredmedia":[{"embeddable":true,"href":"https:\/\/embrevenoar.com.br\/livelle\/wp-json\/wp\/v2\/media\/306"}],"wp:attachment":[{"href":"https:\/\/embrevenoar.com.br\/livelle\/wp-json\/wp\/v2\/media?parent=303"}],"wp:term":[{"taxonomy":"category","embeddable":true,"href":"https:\/\/embrevenoar.com.br\/livelle\/wp-json\/wp\/v2\/categories?post=303"},{"taxonomy":"post_tag","embeddable":true,"href":"https:\/\/embrevenoar.com.br\/livelle\/wp-json\/wp\/v2\/tags?post=303"}],"curies":[{"name":"wp","href":"https:\/\/api.w.org\/{rel}","templated":true}]}}