{"id":36,"date":"2025-04-26T12:49:39","date_gmt":"2025-04-26T15:49:39","guid":{"rendered":"https:\/\/embrevenoar.com.br\/menudomundo\/?p=36"},"modified":"2025-04-26T12:49:39","modified_gmt":"2025-04-26T15:49:39","slug":"cafe-da-manha-pelo-mundo-tradicoes-matinais-em-5-paises","status":"publish","type":"post","link":"https:\/\/embrevenoar.com.br\/menudomundo\/cafe-da-manha-pelo-mundo-tradicoes-matinais-em-5-paises\/","title":{"rendered":"Caf\u00e9 da Manh\u00e3 pelo Mundo: Tradi\u00e7\u00f5es Matinais em 5 Pa\u00edses"},"content":{"rendered":"\n<p class=\"wp-block-paragraph\">Dizem que o caf\u00e9 da manh\u00e3 \u00e9 a refei\u00e7\u00e3o mais importante do dia, mas ao redor do mundo, essa refei\u00e7\u00e3o assume formas t\u00e3o diversas que revelam muito sobre a identidade cultural de cada pa\u00eds. Depois de seis anos trabalhando como chef na Austr\u00e1lia, tive o privil\u00e9gio de conhecer pessoas de diferentes nacionalidades e descobrir como suas primeiras refei\u00e7\u00f5es do dia contam hist\u00f3rias fascinantes.<\/p>\n\n\n\n<h3 class=\"wp-block-heading\" id=\"japoharmoniaeequilbrio\">Jap\u00e3o: Harmonia e Equil\u00edbrio<\/h3>\n\n\n\n<p class=\"wp-block-paragraph\">O caf\u00e9 da manh\u00e3 tradicional japon\u00eas \u00e9 um exerc\u00edcio de equil\u00edbrio nutricional e est\u00e9tico. Diferente do ocidente, n\u00e3o h\u00e1 espa\u00e7o para doces ou alimentos processados. Uma refei\u00e7\u00e3o t\u00edpica inclui:<\/p>\n\n\n\n<ul class=\"wp-block-list\">\n<li><strong>Gohan<\/strong>: arroz branco cozido no vapor<\/li>\n\n\n\n<li><strong>Missoshiru<\/strong>: sopa de miss\u00f4 com tofu, algas e vegetais<\/li>\n\n\n\n<li><strong>Natto<\/strong>: soja fermentada (um gosto adquirido, confesso!)<\/li>\n\n\n\n<li><strong>Tamagoyaki<\/strong>: omelete japonesa adocicada e enrolada<\/li>\n\n\n\n<li><strong>Tsukemono<\/strong>: vegetais em conserva<\/li>\n\n\n\n<li><strong>Peixe grelhado<\/strong>: geralmente salm\u00e3o ou cavala<\/li>\n<\/ul>\n\n\n\n<p class=\"wp-block-paragraph\">Essa combina\u00e7\u00e3o fornece prote\u00ednas, carboidratos e nutrientes para come\u00e7ar o dia com energia e foco. A filosofia por tr\u00e1s desta refei\u00e7\u00e3o reflete o equil\u00edbrio entre sabores, texturas e valores nutricionais, algo que permeia toda a cultura japonesa.<\/p>\n\n\n\n<h3 class=\"wp-block-heading\" id=\"austrliafusodeinfluncias\">Austr\u00e1lia: Fus\u00e3o de Influ\u00eancias<\/h3>\n\n\n\n<p class=\"wp-block-paragraph\">Vivendo na Austr\u00e1lia, descobri que o caf\u00e9 da manh\u00e3 aqui \u00e9 uma celebra\u00e7\u00e3o das influ\u00eancias multiculturais que moldam o pa\u00eds. Embora o cl\u00e1ssico &#8220;brekkie&#8221; australiano tenha ra\u00edzes brit\u00e2nicas &#8211; com ovos, bacon, salsichas, tomates grelhados e torradas &#8211; hoje encontramos op\u00e7\u00f5es que refletem a diversidade cultural:<\/p>\n\n\n\n<ul class=\"wp-block-list\">\n<li><strong>Avocado toast<\/strong>: pur\u00ea de abacate sobre p\u00e3o de fermenta\u00e7\u00e3o natural, finalizado com flocos de pimenta vermelha e lim\u00e3o<\/li>\n\n\n\n<li><strong>A\u00e7a\u00ed bowls<\/strong>: uma influ\u00eancia brasileira que ganhou o cora\u00e7\u00e3o dos australianos<\/li>\n\n\n\n<li><strong>Bircher muesli<\/strong>: aveia deixada de molho durante a noite em iogurte e ma\u00e7\u00e3 ralada<\/li>\n\n\n\n<li><strong>Flat white<\/strong>: o caf\u00e9 cremoso que \u00e9 uma institui\u00e7\u00e3o nacional<\/li>\n<\/ul>\n\n\n\n<p class=\"wp-block-paragraph\">O que mais me impressiona \u00e9 como os caf\u00e9s australianos transformaram o caf\u00e9 da manh\u00e3 em uma experi\u00eancia quase art\u00edstica, com apresenta\u00e7\u00f5es impec\u00e1veis e aten\u00e7\u00e3o aos detalhes.<\/p>\n\n\n\n<h3 class=\"wp-block-heading\" id=\"turquiaabundnciaecomunho\">Turquia: Abund\u00e2ncia e Comunh\u00e3o<\/h3>\n\n\n\n<p class=\"wp-block-paragraph\">O kahvalt\u0131 turco n\u00e3o \u00e9 apenas uma refei\u00e7\u00e3o &#8211; \u00e9 um ritual social. A mesa do caf\u00e9 da manh\u00e3 turco \u00e9 um espet\u00e1culo de abund\u00e2ncia:<\/p>\n\n\n\n<ul class=\"wp-block-list\">\n<li><strong>Diversos tipos de p\u00e3es<\/strong>: simit (semelhante a um bagel coberto de gergelim), pide e lavash<\/li>\n\n\n\n<li><strong>Variedade de queijos<\/strong>: beyaz peynir (similar ao feta), ka\u015far (amarelo e suave)<\/li>\n\n\n\n<li><strong>Azeitonas<\/strong>: pretas e verdes, marinadas de diferentes formas<\/li>\n\n\n\n<li><strong>Mel e kaymak<\/strong>: um creme espesso parecido com clotted cream<\/li>\n\n\n\n<li><strong>Ovos<\/strong>: geralmente preparados como menemen (ovos mexidos com tomate e piment\u00e3o)<\/li>\n\n\n\n<li><strong>\u00c7ay<\/strong>: o ch\u00e1 preto forte servido em copos pequenos<\/li>\n<\/ul>\n\n\n\n<p class=\"wp-block-paragraph\">O conceito de &#8220;kahvalt\u0131&#8221; literalmente significa &#8220;antes do caf\u00e9&#8221;, pois tradicionalmente o caf\u00e9 turco \u00e9 consumido ap\u00f3s a refei\u00e7\u00e3o. Este banquete matinal \u00e9 projetado para reunir fam\u00edlia e amigos em torno da mesa, com conversas que podem se estender por horas.<\/p>\n\n\n\n<h3 class=\"wp-block-heading\" id=\"mxicocoreseintensidade\">M\u00e9xico: Cores e Intensidade<\/h3>\n\n\n\n<p class=\"wp-block-paragraph\">A primeira vez que experimentei um caf\u00e9 da manh\u00e3 mexicano aut\u00eantico, preparado por uma colega chef na Austr\u00e1lia, fiquei impressionada com a explos\u00e3o de cores e sabores logo pela manh\u00e3:<\/p>\n\n\n\n<ul class=\"wp-block-list\">\n<li><strong>Chilaquiles<\/strong>: tortilhas de milho fritas, cobertas com molho vermelho ou verde, creme azedo, queijo fresco e ovos<\/li>\n\n\n\n<li><strong>Huevos rancheros<\/strong>: ovos fritos sobre tortilhas, cobertos com molho de tomate apimentado<\/li>\n\n\n\n<li><strong>Frijoles refritos<\/strong>: feij\u00e3o amassado e refogado com especiarias<\/li>\n\n\n\n<li><strong>Aguacate<\/strong>: abacate simplesmente temperado com sal e lim\u00e3o<\/li>\n\n\n\n<li><strong>Atole<\/strong>: bebida quente e espessa de milho<\/li>\n<\/ul>\n\n\n\n<p class=\"wp-block-paragraph\">Cada regi\u00e3o do M\u00e9xico tem suas pr\u00f3prias especialidades matinais, mas todas compartilham a generosidade nos sabores e o uso magistral de ingredientes locais. A intensidade das especiarias pela manh\u00e3 pode parecer surpreendente para alguns, mas os mexicanos acreditam que uma refei\u00e7\u00e3o robusta proporciona energia para todo o dia.<\/p>\n\n\n\n<h3 class=\"wp-block-heading\" id=\"marrocosdouraehospitalidade\">Marrocos: Do\u00e7ura e Hospitalidade<\/h3>\n\n\n\n<p class=\"wp-block-paragraph\">O caf\u00e9 da manh\u00e3 marroquino \u00e9 um testemunho da famosa hospitalidade do pa\u00eds. Simples, mas incrivelmente satisfat\u00f3rio:<\/p>\n\n\n\n<ul class=\"wp-block-list\">\n<li><strong>Msemen<\/strong>: um tipo de panqueca quadrada, dobrada em camadas<\/li>\n\n\n\n<li><strong>Beghrir<\/strong>: panquecas esponjosas com min\u00fasculos furos, conhecidas como &#8220;panquecas de mil buracos&#8221;<\/li>\n\n\n\n<li><strong>Harcha<\/strong>: p\u00e3o denso feito com s\u00eamola<\/li>\n\n\n\n<li><strong>Amlou<\/strong>: pasta de am\u00eandoas, mel e \u00f3leo de argan (uma verdadeira iguaria!)<\/li>\n\n\n\n<li><strong>Ch\u00e1 de hortel\u00e3<\/strong>: ado\u00e7ado e servido em copos decorados<\/li>\n<\/ul>\n\n\n\n<p class=\"wp-block-paragraph\">Todos esses p\u00e3es s\u00e3o geralmente acompanhados de manteiga, mel, geleia ou amlou. O que torna esta refei\u00e7\u00e3o especial \u00e9 que, tradicionalmente, todos os elementos s\u00e3o feitos \u00e0 m\u00e3o, desde a moagem das am\u00eandoas at\u00e9 a prepara\u00e7\u00e3o do p\u00e3o. \u00c9 um ato de amor e cuidado.<\/p>\n\n\n\n<p class=\"wp-block-paragraph\">Percorrer o mundo atrav\u00e9s dos caf\u00e9s da manh\u00e3 \u00e9 uma forma fascinante de entender culturas. Cada tradi\u00e7\u00e3o matinal carrega s\u00e9culos de hist\u00f3ria, adapta\u00e7\u00f5es a climas e recursos dispon\u00edveis, e filosofias de vida diferentes. Da praticidade dos japoneses \u00e0 socializa\u00e7\u00e3o dos turcos, cada pa\u00eds expressa seus valores fundamentais nessa primeira refei\u00e7\u00e3o.<\/p>\n\n\n\n<p class=\"wp-block-paragraph\">Se voc\u00ea estiver disposto a sair da zona de conforto, experimente adotar um caf\u00e9 da manh\u00e3 internacional uma vez por semana. Al\u00e9m de ampliar seus horizontes culin\u00e1rios, voc\u00ea poder\u00e1 experimentar um pouco da rotina di\u00e1ria de pessoas do outro lado do mundo. E n\u00e3o h\u00e1 forma mais \u00edntima de conhecer uma cultura do que atrav\u00e9s de sua comida cotidiana.<\/p>\n\n\n\n<p class=\"wp-block-paragraph\"><em>Qual desses caf\u00e9s da manh\u00e3 voc\u00ea gostaria de experimentar primeiro? Compartilhe nos coment\u00e1rios!<\/em><\/p>\n","protected":false},"excerpt":{"rendered":"<p>Dizem que o caf\u00e9 da manh\u00e3 \u00e9 a refei\u00e7\u00e3o mais importante do dia, mas ao redor do mundo, essa refei\u00e7\u00e3o assume formas t\u00e3o diversas que revelam muito sobre a identidade cultural de cada pa\u00eds. Depois de seis anos trabalhando como chef na Austr\u00e1lia, tive o privil\u00e9gio de conhecer pessoas de diferentes nacionalidades e descobrir como [&hellip;]<\/p>\n","protected":false},"author":1,"featured_media":18,"comment_status":"open","ping_status":"open","sticky":false,"template":"","format":"standard","meta":{"footnotes":""},"categories":[7],"tags":[],"class_list":["post-36","post","type-post","status-publish","format-standard","has-post-thumbnail","hentry","category-explorando"],"_links":{"self":[{"href":"https:\/\/embrevenoar.com.br\/menudomundo\/wp-json\/wp\/v2\/posts\/36","targetHints":{"allow":["GET"]}}],"collection":[{"href":"https:\/\/embrevenoar.com.br\/menudomundo\/wp-json\/wp\/v2\/posts"}],"about":[{"href":"https:\/\/embrevenoar.com.br\/menudomundo\/wp-json\/wp\/v2\/types\/post"}],"author":[{"embeddable":true,"href":"https:\/\/embrevenoar.com.br\/menudomundo\/wp-json\/wp\/v2\/users\/1"}],"replies":[{"embeddable":true,"href":"https:\/\/embrevenoar.com.br\/menudomundo\/wp-json\/wp\/v2\/comments?post=36"}],"version-history":[{"count":1,"href":"https:\/\/embrevenoar.com.br\/menudomundo\/wp-json\/wp\/v2\/posts\/36\/revisions"}],"predecessor-version":[{"id":37,"href":"https:\/\/embrevenoar.com.br\/menudomundo\/wp-json\/wp\/v2\/posts\/36\/revisions\/37"}],"wp:featuredmedia":[{"embeddable":true,"href":"https:\/\/embrevenoar.com.br\/menudomundo\/wp-json\/wp\/v2\/media\/18"}],"wp:attachment":[{"href":"https:\/\/embrevenoar.com.br\/menudomundo\/wp-json\/wp\/v2\/media?parent=36"}],"wp:term":[{"taxonomy":"category","embeddable":true,"href":"https:\/\/embrevenoar.com.br\/menudomundo\/wp-json\/wp\/v2\/categories?post=36"},{"taxonomy":"post_tag","embeddable":true,"href":"https:\/\/embrevenoar.com.br\/menudomundo\/wp-json\/wp\/v2\/tags?post=36"}],"curies":[{"name":"wp","href":"https:\/\/api.w.org\/{rel}","templated":true}]}}