{"id":889,"date":"2026-06-22T19:13:12","date_gmt":"2026-06-22T22:13:12","guid":{"rendered":"https:\/\/embrevenoar.com.br\/paulo\/?p=889"},"modified":"2026-06-24T18:14:18","modified_gmt":"2026-06-24T21:14:18","slug":"a-dificil-missao-de-fazer-acontecer","status":"publish","type":"post","link":"https:\/\/embrevenoar.com.br\/paulo\/a-dificil-missao-de-fazer-acontecer\/","title":{"rendered":"A dif\u00edcil miss\u00e3o de fazer acontecer"},"content":{"rendered":"<p>Sim, \u00e9 como o povo diz mesmo: depois que ganha, as coisas mudam e tudo \u00e9 muito dif\u00edcil. E, sendo muito sincero, nesse primeiro ano eu precisei concordar com muita gente que fala isso quando procura seu representante.<\/p>\n<p>Na campanha, a gente acredita de verdade. Entra com vontade, com garra, dizendo que vai lutar por melhorias, que vai fazer acontecer. Isso n\u00e3o \u00e9 discurso vazio, \u00e9 vontade mesmo, \u00e9 compromisso com a cidade, com os bairros e com quem mais precisa.<\/p>\n<p>Mas, quando a gente assume, a realidade bate forte. A burocracia, os limites do cargo e as dificuldades do dia a dia criam uma barreira grande entre a nossa vontade de fazer e a capacidade imediata de realizar algo.<\/p>\n<p>O papel constitucional do vereador \u00e9 propor, fiscalizar e cobrar, mas a popula\u00e7\u00e3o quer resultado, quer ver as coisas acontecendo de verdade. E quem quer trabalhar s\u00e9rio percebe r\u00e1pido que s\u00f3 fazer requerimento ou projeto, muitas vezes sem resposta, n\u00e3o resolve a vida de quem confiou na gente.<\/p>\n<p>Foi a\u00ed que, depois de \u201capanhar\u201d durante alguns meses, eu precisei mudar a forma de agir e transformar frustra\u00e7\u00e3o em atitude. Entendi que ficar s\u00f3 dentro do plen\u00e1rio n\u00e3o ia trazer as respostas que o povo espera. Era preciso ir pra rua, buscar parceria, correr atr\u00e1s, bater em porta e construir caminhos fora da C\u00e2mara tamb\u00e9m.<\/p>\n<p>N\u00e3o foi f\u00e1cil, porque existe sim uma contradi\u00e7\u00e3o entre a fun\u00e7\u00e3o do cargo e a urg\u00eancia das pessoas, e quem vive isso sabe o peso que tem.<\/p>\n<p>&nbsp;<\/p>\n\n\n<figure class=\"wp-block-image size-large has-custom-border\"><img fetchpriority=\"high\" decoding=\"async\" width=\"1024\" height=\"572\" src=\"https:\/\/embrevenoar.com.br\/paulo\/wp-content\/uploads\/2026\/06\/post5-1024x572.webp\" alt=\"\" class=\"wp-image-895\" style=\"border-top-left-radius:12px;border-top-right-radius:12px;border-bottom-left-radius:12px;border-bottom-right-radius:12px\" srcset=\"https:\/\/embrevenoar.com.br\/paulo\/wp-content\/uploads\/2026\/06\/post5-1024x572.webp 1024w, https:\/\/embrevenoar.com.br\/paulo\/wp-content\/uploads\/2026\/06\/post5-300x168.webp 300w, https:\/\/embrevenoar.com.br\/paulo\/wp-content\/uploads\/2026\/06\/post5-768x429.webp 768w, https:\/\/embrevenoar.com.br\/paulo\/wp-content\/uploads\/2026\/06\/post5.webp 1200w\" sizes=\"(max-width: 1024px) 100vw, 1024px\" \/><\/figure>\n\n\n<p>&nbsp;<\/p>\n<p>Mas, em vez de desanimar, eu decidi agir. Ao longo desse primeiro ano, conseguimos aprovar leis importantes, desde a\u00e7\u00f5es voltadas para crian\u00e7as neurodivergentes, pol\u00edticas de preven\u00e7\u00e3o do c\u00e2ncer de mama, at\u00e9 a defesa do patrim\u00f4nio p\u00fablico, como a obrigatoriedade de registro e publicidade das terras p\u00fablicas de Canind\u00e9.<\/p>\n<p>E fomos al\u00e9m: com articula\u00e7\u00e3o e trabalho, ajudamos a viabilizar o maior programa de qualifica\u00e7\u00e3o profissional da cidade, garantindo oportunidade para mais de 200 jovens, al\u00e9m de atuar na pauta de desenvolvimento urbano, na constru\u00e7\u00e3o de um projeto que garanta seguran\u00e7a tribut\u00e1ria para quem paga alvar\u00e1 de funcionamento e na luta pela preserva\u00e7\u00e3o e reflorestamento de \u00e1reas p\u00fablicas verdes com a comunidade, como o projeto \u00c1rea Viva.<\/p>\n<p>Esse primeiro ano deixou um aprendizado claro: a realidade \u00e9 sempre mais dura do que parece. Mas tamb\u00e9m refor\u00e7ou uma convic\u00e7\u00e3o: n\u00e3o d\u00e1 para ajudar a transformar a cidade s\u00f3 sentado numa cadeira.<\/p>\n<p>Tem que levantar, ir atr\u00e1s, insistir e n\u00e3o desistir. Porque fazer \u00e9 dif\u00edcil. E \u00e9 exatamente por isso que a gente precisa ter atitude para fazer acontecer de verdade e defender o interesse do nosso povo canindeense.<\/p>","protected":false},"excerpt":{"rendered":"<p>Sim, \u00e9 como o povo diz mesmo: depois que ganha, as coisas mudam e tudo \u00e9 muito dif\u00edcil. E, sendo muito sincero&#8230;<\/p>\n","protected":false},"author":2,"featured_media":894,"comment_status":"closed","ping_status":"closed","sticky":false,"template":"","format":"standard","meta":{"footnotes":""},"categories":[61],"tags":[71,75,68,70,73,72,66,67,74,69],"class_list":["post-889","post","type-post","status-publish","format-standard","has-post-thumbnail","hentry","category-mandato","tag-articulacao-politica","tag-atuacao-parlamentar","tag-camara-municipal","tag-caninde","tag-desafios-do-mandato","tag-gestao-publica","tag-mandato","tag-primeiro-ano-de-mandato","tag-servico-publico","tag-vereador"],"yoast_head":"<!-- This site is optimized with the Yoast SEO plugin v27.9 - https:\/\/yoast.com\/product\/yoast-seo-wordpress\/ -->\n<title>A dif\u00edcil miss\u00e3o de fazer acontecer no primeiro ano de mandato<\/title>\n<meta name=\"description\" content=\"Entenda os desafios do primeiro ano de mandato e como a frustra\u00e7\u00e3o virou atitude para buscar resultados concretos para Canind\u00e9.\" \/>\n<meta name=\"robots\" content=\"index, follow, max-snippet:-1, max-image-preview:large, max-video-preview:-1\" \/>\n<link rel=\"canonical\" href=\"https:\/\/embrevenoar.com.br\/paulo\/a-dificil-missao-de-fazer-acontecer\/\" \/>\n<meta property=\"og:locale\" content=\"pt_BR\" \/>\n<meta property=\"og:type\" content=\"article\" \/>\n<meta property=\"og:title\" content=\"A dif\u00edcil miss\u00e3o de fazer acontecer no primeiro ano de mandato\" \/>\n<meta property=\"og:description\" content=\"Entenda os desafios do primeiro ano de mandato e como a frustra\u00e7\u00e3o virou atitude para buscar resultados concretos para Canind\u00e9.\" \/>\n<meta property=\"og:url\" content=\"https:\/\/embrevenoar.com.br\/paulo\/a-dificil-missao-de-fazer-acontecer\/\" \/>\n<meta property=\"og:site_name\" content=\"Portal Paulo Italo Sales\" \/>\n<meta property=\"article:published_time\" content=\"2026-06-22T22:13:12+00:00\" \/>\n<meta property=\"article:modified_time\" content=\"2026-06-24T21:14:18+00:00\" \/>\n<meta property=\"og:image\" content=\"https:\/\/embrevenoar.com.br\/paulo\/wp-content\/uploads\/2026\/06\/post1.webp\" \/>\n\t<meta property=\"og:image:width\" content=\"1200\" \/>\n\t<meta property=\"og:image:height\" content=\"670\" \/>\n\t<meta property=\"og:image:type\" content=\"image\/webp\" \/>\n<meta name=\"author\" content=\"Paulo Italo\" \/>\n<meta name=\"twitter:card\" content=\"summary_large_image\" \/>\n<meta name=\"twitter:label1\" content=\"Escrito por\" \/>\n\t<meta name=\"twitter:data1\" content=\"Paulo Italo\" \/>\n\t<meta name=\"twitter:label2\" content=\"Est. tempo de leitura\" \/>\n\t<meta name=\"twitter:data2\" content=\"3 minutos\" \/>\n<script type=\"application\/ld+json\" class=\"yoast-schema-graph\">{\"@context\":\"https:\\\/\\\/schema.org\",\"@graph\":[{\"@type\":\"Article\",\"@id\":\"https:\\\/\\\/embrevenoar.com.br\\\/paulo\\\/a-dificil-missao-de-fazer-acontecer\\\/#article\",\"isPartOf\":{\"@id\":\"https:\\\/\\\/embrevenoar.com.br\\\/paulo\\\/a-dificil-missao-de-fazer-acontecer\\\/\"},\"author\":{\"name\":\"Paulo Italo\",\"@id\":\"https:\\\/\\\/embrevenoar.com.br\\\/paulo\\\/#\\\/schema\\\/person\\\/7c52fa0293215bbbb72ca7bd45b7c9cb\"},\"headline\":\"A dif\u00edcil miss\u00e3o de fazer acontecer\",\"datePublished\":\"2026-06-22T22:13:12+00:00\",\"dateModified\":\"2026-06-24T21:14:18+00:00\",\"mainEntityOfPage\":{\"@id\":\"https:\\\/\\\/embrevenoar.com.br\\\/paulo\\\/a-dificil-missao-de-fazer-acontecer\\\/\"},\"wordCount\":477,\"image\":{\"@id\":\"https:\\\/\\\/embrevenoar.com.br\\\/paulo\\\/a-dificil-missao-de-fazer-acontecer\\\/#primaryimage\"},\"thumbnailUrl\":\"https:\\\/\\\/embrevenoar.com.br\\\/paulo\\\/wp-content\\\/uploads\\\/2026\\\/06\\\/post1.webp\",\"keywords\":[\"articula\u00e7\u00e3o pol\u00edtica\",\"atua\u00e7\u00e3o parlamentar\",\"c\u00e2mara municipal\",\"Canind\u00e9\",\"desafios do mandato\",\"gest\u00e3o p\u00fablica\",\"mandato\",\"primeiro ano de mandato\",\"servi\u00e7o p\u00fablico\",\"vereador\"],\"articleSection\":[\"Mandato\"],\"inLanguage\":\"pt-BR\"},{\"@type\":\"WebPage\",\"@id\":\"https:\\\/\\\/embrevenoar.com.br\\\/paulo\\\/a-dificil-missao-de-fazer-acontecer\\\/\",\"url\":\"https:\\\/\\\/embrevenoar.com.br\\\/paulo\\\/a-dificil-missao-de-fazer-acontecer\\\/\",\"name\":\"A dif\u00edcil miss\u00e3o de fazer acontecer no primeiro ano de mandato\",\"isPartOf\":{\"@id\":\"https:\\\/\\\/embrevenoar.com.br\\\/paulo\\\/#website\"},\"primaryImageOfPage\":{\"@id\":\"https:\\\/\\\/embrevenoar.com.br\\\/paulo\\\/a-dificil-missao-de-fazer-acontecer\\\/#primaryimage\"},\"image\":{\"@id\":\"https:\\\/\\\/embrevenoar.com.br\\\/paulo\\\/a-dificil-missao-de-fazer-acontecer\\\/#primaryimage\"},\"thumbnailUrl\":\"https:\\\/\\\/embrevenoar.com.br\\\/paulo\\\/wp-content\\\/uploads\\\/2026\\\/06\\\/post1.webp\",\"datePublished\":\"2026-06-22T22:13:12+00:00\",\"dateModified\":\"2026-06-24T21:14:18+00:00\",\"author\":{\"@id\":\"https:\\\/\\\/embrevenoar.com.br\\\/paulo\\\/#\\\/schema\\\/person\\\/7c52fa0293215bbbb72ca7bd45b7c9cb\"},\"description\":\"Entenda os desafios do primeiro ano de mandato e como a frustra\u00e7\u00e3o virou atitude para buscar resultados concretos para Canind\u00e9.\",\"breadcrumb\":{\"@id\":\"https:\\\/\\\/embrevenoar.com.br\\\/paulo\\\/a-dificil-missao-de-fazer-acontecer\\\/#breadcrumb\"},\"inLanguage\":\"pt-BR\",\"potentialAction\":[{\"@type\":\"ReadAction\",\"target\":[\"https:\\\/\\\/embrevenoar.com.br\\\/paulo\\\/a-dificil-missao-de-fazer-acontecer\\\/\"]}]},{\"@type\":\"ImageObject\",\"inLanguage\":\"pt-BR\",\"@id\":\"https:\\\/\\\/embrevenoar.com.br\\\/paulo\\\/a-dificil-missao-de-fazer-acontecer\\\/#primaryimage\",\"url\":\"https:\\\/\\\/embrevenoar.com.br\\\/paulo\\\/wp-content\\\/uploads\\\/2026\\\/06\\\/post1.webp\",\"contentUrl\":\"https:\\\/\\\/embrevenoar.com.br\\\/paulo\\\/wp-content\\\/uploads\\\/2026\\\/06\\\/post1.webp\",\"width\":1200,\"height\":670},{\"@type\":\"BreadcrumbList\",\"@id\":\"https:\\\/\\\/embrevenoar.com.br\\\/paulo\\\/a-dificil-missao-de-fazer-acontecer\\\/#breadcrumb\",\"itemListElement\":[{\"@type\":\"ListItem\",\"position\":1,\"name\":\"In\u00edcio\",\"item\":\"https:\\\/\\\/embrevenoar.com.br\\\/paulo\\\/\"},{\"@type\":\"ListItem\",\"position\":2,\"name\":\"A dif\u00edcil miss\u00e3o de fazer acontecer\"}]},{\"@type\":\"WebSite\",\"@id\":\"https:\\\/\\\/embrevenoar.com.br\\\/paulo\\\/#website\",\"url\":\"https:\\\/\\\/embrevenoar.com.br\\\/paulo\\\/\",\"name\":\"Portal Paulo Italo Sales\",\"description\":\"Portal informativo com conte\u00fados, lutas e a\u00e7\u00f5es voltadas \u00e0 comunidade de Canind\u00e9.\",\"potentialAction\":[{\"@type\":\"SearchAction\",\"target\":{\"@type\":\"EntryPoint\",\"urlTemplate\":\"https:\\\/\\\/embrevenoar.com.br\\\/paulo\\\/?s={search_term_string}\"},\"query-input\":{\"@type\":\"PropertyValueSpecification\",\"valueRequired\":true,\"valueName\":\"search_term_string\"}}],\"inLanguage\":\"pt-BR\"},{\"@type\":\"Person\",\"@id\":\"https:\\\/\\\/embrevenoar.com.br\\\/paulo\\\/#\\\/schema\\\/person\\\/7c52fa0293215bbbb72ca7bd45b7c9cb\",\"name\":\"Paulo Italo\",\"image\":{\"@type\":\"ImageObject\",\"inLanguage\":\"pt-BR\",\"@id\":\"https:\\\/\\\/embrevenoar.com.br\\\/paulo\\\/wp-content\\\/litespeed\\\/avatar\\\/4dfac76d4af40ae90b81d7488de0ae1d.jpg?ver=1787822172\",\"url\":\"https:\\\/\\\/embrevenoar.com.br\\\/paulo\\\/wp-content\\\/litespeed\\\/avatar\\\/4dfac76d4af40ae90b81d7488de0ae1d.jpg?ver=1787822172\",\"contentUrl\":\"https:\\\/\\\/embrevenoar.com.br\\\/paulo\\\/wp-content\\\/litespeed\\\/avatar\\\/4dfac76d4af40ae90b81d7488de0ae1d.jpg?ver=1787822172\",\"caption\":\"Paulo Italo\"},\"url\":\"https:\\\/\\\/embrevenoar.com.br\\\/paulo\\\/author\\\/pauloitalo\\\/\"}]}<\/script>\n<!-- \/ Yoast SEO plugin. -->","yoast_head_json":{"title":"A dif\u00edcil miss\u00e3o de fazer acontecer no primeiro ano de mandato","description":"Entenda os desafios do primeiro ano de mandato e como a frustra\u00e7\u00e3o virou atitude para buscar resultados concretos para Canind\u00e9.","robots":{"index":"index","follow":"follow","max-snippet":"max-snippet:-1","max-image-preview":"max-image-preview:large","max-video-preview":"max-video-preview:-1"},"canonical":"https:\/\/embrevenoar.com.br\/paulo\/a-dificil-missao-de-fazer-acontecer\/","og_locale":"pt_BR","og_type":"article","og_title":"A dif\u00edcil miss\u00e3o de fazer acontecer no primeiro ano de mandato","og_description":"Entenda os desafios do primeiro ano de mandato e como a frustra\u00e7\u00e3o virou atitude para buscar resultados concretos para Canind\u00e9.","og_url":"https:\/\/embrevenoar.com.br\/paulo\/a-dificil-missao-de-fazer-acontecer\/","og_site_name":"Portal Paulo Italo Sales","article_published_time":"2026-06-22T22:13:12+00:00","article_modified_time":"2026-06-24T21:14:18+00:00","og_image":[{"width":1200,"height":670,"url":"https:\/\/embrevenoar.com.br\/paulo\/wp-content\/uploads\/2026\/06\/post1.webp","type":"image\/webp"}],"author":"Paulo Italo","twitter_card":"summary_large_image","twitter_misc":{"Escrito por":"Paulo Italo","Est. tempo de leitura":"3 minutos"},"schema":{"@context":"https:\/\/schema.org","@graph":[{"@type":"Article","@id":"https:\/\/embrevenoar.com.br\/paulo\/a-dificil-missao-de-fazer-acontecer\/#article","isPartOf":{"@id":"https:\/\/embrevenoar.com.br\/paulo\/a-dificil-missao-de-fazer-acontecer\/"},"author":{"name":"Paulo Italo","@id":"https:\/\/embrevenoar.com.br\/paulo\/#\/schema\/person\/7c52fa0293215bbbb72ca7bd45b7c9cb"},"headline":"A dif\u00edcil miss\u00e3o de fazer acontecer","datePublished":"2026-06-22T22:13:12+00:00","dateModified":"2026-06-24T21:14:18+00:00","mainEntityOfPage":{"@id":"https:\/\/embrevenoar.com.br\/paulo\/a-dificil-missao-de-fazer-acontecer\/"},"wordCount":477,"image":{"@id":"https:\/\/embrevenoar.com.br\/paulo\/a-dificil-missao-de-fazer-acontecer\/#primaryimage"},"thumbnailUrl":"https:\/\/embrevenoar.com.br\/paulo\/wp-content\/uploads\/2026\/06\/post1.webp","keywords":["articula\u00e7\u00e3o pol\u00edtica","atua\u00e7\u00e3o parlamentar","c\u00e2mara municipal","Canind\u00e9","desafios do mandato","gest\u00e3o p\u00fablica","mandato","primeiro ano de mandato","servi\u00e7o p\u00fablico","vereador"],"articleSection":["Mandato"],"inLanguage":"pt-BR"},{"@type":"WebPage","@id":"https:\/\/embrevenoar.com.br\/paulo\/a-dificil-missao-de-fazer-acontecer\/","url":"https:\/\/embrevenoar.com.br\/paulo\/a-dificil-missao-de-fazer-acontecer\/","name":"A dif\u00edcil miss\u00e3o de fazer acontecer no primeiro ano de mandato","isPartOf":{"@id":"https:\/\/embrevenoar.com.br\/paulo\/#website"},"primaryImageOfPage":{"@id":"https:\/\/embrevenoar.com.br\/paulo\/a-dificil-missao-de-fazer-acontecer\/#primaryimage"},"image":{"@id":"https:\/\/embrevenoar.com.br\/paulo\/a-dificil-missao-de-fazer-acontecer\/#primaryimage"},"thumbnailUrl":"https:\/\/embrevenoar.com.br\/paulo\/wp-content\/uploads\/2026\/06\/post1.webp","datePublished":"2026-06-22T22:13:12+00:00","dateModified":"2026-06-24T21:14:18+00:00","author":{"@id":"https:\/\/embrevenoar.com.br\/paulo\/#\/schema\/person\/7c52fa0293215bbbb72ca7bd45b7c9cb"},"description":"Entenda os desafios do primeiro ano de mandato e como a frustra\u00e7\u00e3o virou atitude para buscar resultados concretos para Canind\u00e9.","breadcrumb":{"@id":"https:\/\/embrevenoar.com.br\/paulo\/a-dificil-missao-de-fazer-acontecer\/#breadcrumb"},"inLanguage":"pt-BR","potentialAction":[{"@type":"ReadAction","target":["https:\/\/embrevenoar.com.br\/paulo\/a-dificil-missao-de-fazer-acontecer\/"]}]},{"@type":"ImageObject","inLanguage":"pt-BR","@id":"https:\/\/embrevenoar.com.br\/paulo\/a-dificil-missao-de-fazer-acontecer\/#primaryimage","url":"https:\/\/embrevenoar.com.br\/paulo\/wp-content\/uploads\/2026\/06\/post1.webp","contentUrl":"https:\/\/embrevenoar.com.br\/paulo\/wp-content\/uploads\/2026\/06\/post1.webp","width":1200,"height":670},{"@type":"BreadcrumbList","@id":"https:\/\/embrevenoar.com.br\/paulo\/a-dificil-missao-de-fazer-acontecer\/#breadcrumb","itemListElement":[{"@type":"ListItem","position":1,"name":"In\u00edcio","item":"https:\/\/embrevenoar.com.br\/paulo\/"},{"@type":"ListItem","position":2,"name":"A dif\u00edcil miss\u00e3o de fazer acontecer"}]},{"@type":"WebSite","@id":"https:\/\/embrevenoar.com.br\/paulo\/#website","url":"https:\/\/embrevenoar.com.br\/paulo\/","name":"Portal Paulo Italo Sales","description":"Portal informativo com conte\u00fados, lutas e a\u00e7\u00f5es voltadas \u00e0 comunidade de Canind\u00e9.","potentialAction":[{"@type":"SearchAction","target":{"@type":"EntryPoint","urlTemplate":"https:\/\/embrevenoar.com.br\/paulo\/?s={search_term_string}"},"query-input":{"@type":"PropertyValueSpecification","valueRequired":true,"valueName":"search_term_string"}}],"inLanguage":"pt-BR"},{"@type":"Person","@id":"https:\/\/embrevenoar.com.br\/paulo\/#\/schema\/person\/7c52fa0293215bbbb72ca7bd45b7c9cb","name":"Paulo Italo","image":{"@type":"ImageObject","inLanguage":"pt-BR","@id":"https:\/\/embrevenoar.com.br\/paulo\/wp-content\/litespeed\/avatar\/4dfac76d4af40ae90b81d7488de0ae1d.jpg?ver=1787822172","url":"https:\/\/embrevenoar.com.br\/paulo\/wp-content\/litespeed\/avatar\/4dfac76d4af40ae90b81d7488de0ae1d.jpg?ver=1787822172","contentUrl":"https:\/\/embrevenoar.com.br\/paulo\/wp-content\/litespeed\/avatar\/4dfac76d4af40ae90b81d7488de0ae1d.jpg?ver=1787822172","caption":"Paulo Italo"},"url":"https:\/\/embrevenoar.com.br\/paulo\/author\/pauloitalo\/"}]}},"views":23,"_links":{"self":[{"href":"https:\/\/embrevenoar.com.br\/paulo\/wp-json\/wp\/v2\/posts\/889","targetHints":{"allow":["GET"]}}],"collection":[{"href":"https:\/\/embrevenoar.com.br\/paulo\/wp-json\/wp\/v2\/posts"}],"about":[{"href":"https:\/\/embrevenoar.com.br\/paulo\/wp-json\/wp\/v2\/types\/post"}],"author":[{"embeddable":true,"href":"https:\/\/embrevenoar.com.br\/paulo\/wp-json\/wp\/v2\/users\/2"}],"replies":[{"embeddable":true,"href":"https:\/\/embrevenoar.com.br\/paulo\/wp-json\/wp\/v2\/comments?post=889"}],"version-history":[{"count":0,"href":"https:\/\/embrevenoar.com.br\/paulo\/wp-json\/wp\/v2\/posts\/889\/revisions"}],"wp:featuredmedia":[{"embeddable":true,"href":"https:\/\/embrevenoar.com.br\/paulo\/wp-json\/wp\/v2\/media\/894"}],"wp:attachment":[{"href":"https:\/\/embrevenoar.com.br\/paulo\/wp-json\/wp\/v2\/media?parent=889"}],"wp:term":[{"taxonomy":"category","embeddable":true,"href":"https:\/\/embrevenoar.com.br\/paulo\/wp-json\/wp\/v2\/categories?post=889"},{"taxonomy":"post_tag","embeddable":true,"href":"https:\/\/embrevenoar.com.br\/paulo\/wp-json\/wp\/v2\/tags?post=889"}],"curies":[{"name":"wp","href":"https:\/\/api.w.org\/{rel}","templated":true}]}}