{"id":936,"date":"2026-06-24T16:46:47","date_gmt":"2026-06-24T19:46:47","guid":{"rendered":"https:\/\/embrevenoar.com.br\/paulo\/?p=936"},"modified":"2026-06-24T18:14:49","modified_gmt":"2026-06-24T21:14:49","slug":"a-tribuna-como-espaco-de-voz-do-cidadao","status":"publish","type":"post","link":"https:\/\/embrevenoar.com.br\/paulo\/a-tribuna-como-espaco-de-voz-do-cidadao\/","title":{"rendered":"A tribuna como espa\u00e7o de voz do cidad\u00e3o"},"content":{"rendered":"<h3><span style=\"color: #323f65;\">Articula\u00e7\u00e3o garante brinquedo creche para Centro de <\/span><span style=\"color: #323f65;\">Refer\u00eancia de Assist\u00eancia Social.<\/span><\/h3>\n<p class=\"my-2 [&amp;+p]:mt-4 [&amp;_strong:has(+br)]:inline-block [&amp;_strong:has(+br)]:align-top\">Em um ano de mandato, o vereador Paulo Italo Sales usou cada sess\u00e3o para fazer da C\u00e2mara Municipal um instrumento de melhorias para Canind\u00e9.<\/p>\n<p class=\"my-2 [&amp;+p]:mt-4 [&amp;_strong:has(+br)]:inline-block [&amp;_strong:has(+br)]:align-top\">A tribuna de uma C\u00e2mara Municipal para o vereador Paulo \u00cdtalo Sales \u00e9, acima de tudo, um espa\u00e7o de luta pelo povo. Desde o primeiro dia de mandato, Paulo Italo tem ocupado esse espa\u00e7o com propostas concretas, discursos firmes e uma atua\u00e7\u00e3o voltada para quem mais precisa, sempre em articula\u00e7\u00e3o com a gest\u00e3o municipal do prefeito Professor Jardel Sousa, buscando solu\u00e7\u00f5es reais para os problemas reais de Canind\u00e9.<\/p>\n<p class=\"my-2 [&amp;+p]:mt-4 [&amp;_strong:has(+br)]:inline-block [&amp;_strong:has(+br)]:align-top\">Entre os avan\u00e7os mais significativos do primeiro ano est\u00e1 a aprova\u00e7\u00e3o e san\u00e7\u00e3o do projeto de lei que institui o Programa de Combate ao C\u00e2ncer de Mama em Canind\u00e9. Uma iniciativa que refor\u00e7a a prote\u00e7\u00e3o \u00e0 vida das mulheres canindeenses, que passam a contar com uma pol\u00edtica p\u00fablica municipal dedicada \u00e0 preven\u00e7\u00e3o e ao enfrentamento de uma das doen\u00e7as que mais afetam a popula\u00e7\u00e3o feminina no Brasil.<\/p>\n<p class=\"my-2 [&amp;+p]:mt-4 [&amp;_strong:has(+br)]:inline-block [&amp;_strong:has(+br)]:align-top\">Igualmente importante foi a aprova\u00e7\u00e3o e san\u00e7\u00e3o do projeto que institui a obrigatoriedade de instala\u00e7\u00e3o de salas neurossensoriais nas escolas municipais de Canind\u00e9. No campo da seguran\u00e7a tribut\u00e1ria, o vereador Paulo \u00cdtalo apresentou projeto que trata da validade dos alvar\u00e1s de funcionamento, propondo que as taxas deixem de ser cobradas por compet\u00eancia e passem a ser v\u00e1lidas por doze meses corridos a partir do pagamento. A proposta, que ainda est\u00e1 em debate na Casa.<\/p>\n<p class=\"my-2 [&amp;+p]:mt-4 [&amp;_strong:has(+br)]:inline-block [&amp;_strong:has(+br)]:align-top\">Mas a atua\u00e7\u00e3o do vereador Paulo \u00cdtalo vai al\u00e9m dos projetos de lei. Da tribuna, ele tem levantado a voz pela pavimenta\u00e7\u00e3o dos bairros, pela defesa das \u00e1reas p\u00fablicas da cidade, pelo desenvolvimento urbano, por moradia popular e por uma Canind\u00e9 mais limpa e organizada.<\/p>\n<p class=\"my-2 [&amp;+p]:mt-4 [&amp;_strong:has(+br)]:inline-block [&amp;_strong:has(+br)]:align-top\">Temas que afetam diretamente o dia a dia da popula\u00e7\u00e3o e que precisam de algu\u00e9m disposto a coloc\u00e1-los na pauta. O vereador Paulo Italo entende seu papel como uma ponte entre o povo e a gest\u00e3o municipal. N\u00e3o se trata de concordar com tudo, mas de articular, dialogar e reconstruir solu\u00e7\u00f5es.<\/p>\n","protected":false},"excerpt":{"rendered":"<p>Em um ano de mandato, o vereador Paulo Italo Sales usou cada sess\u00e3o para fazer da C\u00e2mara Municipal um instrumento de melhorias para Canind\u00e9&#8230;<\/p>\n","protected":false},"author":2,"featured_media":891,"comment_status":"closed","ping_status":"closed","sticky":false,"template":"","format":"standard","meta":{"footnotes":""},"categories":[65],"tags":[107,109,68,70,108,104,106,105,103,77],"class_list":["post-936","post","type-post","status-publish","format-standard","has-post-thumbnail","hentry","category-camara-municipal","tag-alvaras","tag-atuacao-legislativa","tag-camara-municipal","tag-caninde","tag-moradia-popular","tag-projetos-de-lei","tag-salas-neurossensoriais","tag-saude-da-mulher","tag-tribuna","tag-urbanismo"],"yoast_head":"<!-- This site is optimized with the Yoast SEO plugin v27.9 - https:\/\/yoast.com\/product\/yoast-seo-wordpress\/ -->\n<title>A tribuna como espa\u00e7o de voz do cidad\u00e3o em Canind\u00e9<\/title>\n<meta name=\"description\" content=\"Saiba como a atua\u00e7\u00e3o na C\u00e2mara Municipal levou pautas importantes como sa\u00fade da mulher, educa\u00e7\u00e3o inclusiva e defesa da cidade.\" \/>\n<meta name=\"robots\" content=\"index, follow, max-snippet:-1, max-image-preview:large, max-video-preview:-1\" \/>\n<link rel=\"canonical\" href=\"https:\/\/embrevenoar.com.br\/paulo\/a-tribuna-como-espaco-de-voz-do-cidadao\/\" \/>\n<meta property=\"og:locale\" content=\"pt_BR\" \/>\n<meta property=\"og:type\" content=\"article\" \/>\n<meta property=\"og:title\" content=\"A tribuna como espa\u00e7o de voz do cidad\u00e3o em Canind\u00e9\" \/>\n<meta property=\"og:description\" content=\"Saiba como a atua\u00e7\u00e3o na C\u00e2mara Municipal levou pautas importantes como sa\u00fade da mulher, educa\u00e7\u00e3o inclusiva e defesa da cidade.\" \/>\n<meta property=\"og:url\" content=\"https:\/\/embrevenoar.com.br\/paulo\/a-tribuna-como-espaco-de-voz-do-cidadao\/\" \/>\n<meta property=\"og:site_name\" content=\"Portal Paulo Italo Sales\" \/>\n<meta property=\"article:published_time\" content=\"2026-06-24T19:46:47+00:00\" \/>\n<meta property=\"article:modified_time\" content=\"2026-06-24T21:14:49+00:00\" \/>\n<meta property=\"og:image\" content=\"https:\/\/embrevenoar.com.br\/paulo\/wp-content\/uploads\/2026\/06\/post4.webp\" \/>\n\t<meta property=\"og:image:width\" content=\"1200\" \/>\n\t<meta property=\"og:image:height\" content=\"670\" \/>\n\t<meta property=\"og:image:type\" content=\"image\/webp\" \/>\n<meta name=\"author\" content=\"Paulo Italo\" \/>\n<meta name=\"twitter:card\" content=\"summary_large_image\" \/>\n<meta name=\"twitter:label1\" content=\"Escrito por\" \/>\n\t<meta name=\"twitter:data1\" content=\"Paulo Italo\" \/>\n\t<meta name=\"twitter:label2\" content=\"Est. tempo de leitura\" \/>\n\t<meta name=\"twitter:data2\" content=\"3 minutos\" \/>\n<script type=\"application\/ld+json\" class=\"yoast-schema-graph\">{\"@context\":\"https:\\\/\\\/schema.org\",\"@graph\":[{\"@type\":\"Article\",\"@id\":\"https:\\\/\\\/embrevenoar.com.br\\\/paulo\\\/a-tribuna-como-espaco-de-voz-do-cidadao\\\/#article\",\"isPartOf\":{\"@id\":\"https:\\\/\\\/embrevenoar.com.br\\\/paulo\\\/a-tribuna-como-espaco-de-voz-do-cidadao\\\/\"},\"author\":{\"name\":\"Paulo Italo\",\"@id\":\"https:\\\/\\\/embrevenoar.com.br\\\/paulo\\\/#\\\/schema\\\/person\\\/7c52fa0293215bbbb72ca7bd45b7c9cb\"},\"headline\":\"A tribuna como espa\u00e7o de voz do cidad\u00e3o\",\"datePublished\":\"2026-06-24T19:46:47+00:00\",\"dateModified\":\"2026-06-24T21:14:49+00:00\",\"mainEntityOfPage\":{\"@id\":\"https:\\\/\\\/embrevenoar.com.br\\\/paulo\\\/a-tribuna-como-espaco-de-voz-do-cidadao\\\/\"},\"wordCount\":388,\"image\":{\"@id\":\"https:\\\/\\\/embrevenoar.com.br\\\/paulo\\\/a-tribuna-como-espaco-de-voz-do-cidadao\\\/#primaryimage\"},\"thumbnailUrl\":\"https:\\\/\\\/embrevenoar.com.br\\\/paulo\\\/wp-content\\\/uploads\\\/2026\\\/06\\\/post4.webp\",\"keywords\":[\"alvar\u00e1s\",\"atua\u00e7\u00e3o legislativa\",\"c\u00e2mara municipal\",\"Canind\u00e9\",\"moradia popular\",\"projetos de lei\",\"salas neurossensoriais\",\"sa\u00fade da mulher\",\"tribuna\",\"urbanismo\"],\"articleSection\":[\"C\u00e2mara Municipal\"],\"inLanguage\":\"pt-BR\"},{\"@type\":\"WebPage\",\"@id\":\"https:\\\/\\\/embrevenoar.com.br\\\/paulo\\\/a-tribuna-como-espaco-de-voz-do-cidadao\\\/\",\"url\":\"https:\\\/\\\/embrevenoar.com.br\\\/paulo\\\/a-tribuna-como-espaco-de-voz-do-cidadao\\\/\",\"name\":\"A tribuna como espa\u00e7o de voz do cidad\u00e3o em Canind\u00e9\",\"isPartOf\":{\"@id\":\"https:\\\/\\\/embrevenoar.com.br\\\/paulo\\\/#website\"},\"primaryImageOfPage\":{\"@id\":\"https:\\\/\\\/embrevenoar.com.br\\\/paulo\\\/a-tribuna-como-espaco-de-voz-do-cidadao\\\/#primaryimage\"},\"image\":{\"@id\":\"https:\\\/\\\/embrevenoar.com.br\\\/paulo\\\/a-tribuna-como-espaco-de-voz-do-cidadao\\\/#primaryimage\"},\"thumbnailUrl\":\"https:\\\/\\\/embrevenoar.com.br\\\/paulo\\\/wp-content\\\/uploads\\\/2026\\\/06\\\/post4.webp\",\"datePublished\":\"2026-06-24T19:46:47+00:00\",\"dateModified\":\"2026-06-24T21:14:49+00:00\",\"author\":{\"@id\":\"https:\\\/\\\/embrevenoar.com.br\\\/paulo\\\/#\\\/schema\\\/person\\\/7c52fa0293215bbbb72ca7bd45b7c9cb\"},\"description\":\"Saiba como a atua\u00e7\u00e3o na C\u00e2mara Municipal levou pautas importantes como sa\u00fade da mulher, educa\u00e7\u00e3o inclusiva e defesa da cidade.\",\"breadcrumb\":{\"@id\":\"https:\\\/\\\/embrevenoar.com.br\\\/paulo\\\/a-tribuna-como-espaco-de-voz-do-cidadao\\\/#breadcrumb\"},\"inLanguage\":\"pt-BR\",\"potentialAction\":[{\"@type\":\"ReadAction\",\"target\":[\"https:\\\/\\\/embrevenoar.com.br\\\/paulo\\\/a-tribuna-como-espaco-de-voz-do-cidadao\\\/\"]}]},{\"@type\":\"ImageObject\",\"inLanguage\":\"pt-BR\",\"@id\":\"https:\\\/\\\/embrevenoar.com.br\\\/paulo\\\/a-tribuna-como-espaco-de-voz-do-cidadao\\\/#primaryimage\",\"url\":\"https:\\\/\\\/embrevenoar.com.br\\\/paulo\\\/wp-content\\\/uploads\\\/2026\\\/06\\\/post4.webp\",\"contentUrl\":\"https:\\\/\\\/embrevenoar.com.br\\\/paulo\\\/wp-content\\\/uploads\\\/2026\\\/06\\\/post4.webp\",\"width\":1200,\"height\":670},{\"@type\":\"BreadcrumbList\",\"@id\":\"https:\\\/\\\/embrevenoar.com.br\\\/paulo\\\/a-tribuna-como-espaco-de-voz-do-cidadao\\\/#breadcrumb\",\"itemListElement\":[{\"@type\":\"ListItem\",\"position\":1,\"name\":\"In\u00edcio\",\"item\":\"https:\\\/\\\/embrevenoar.com.br\\\/paulo\\\/\"},{\"@type\":\"ListItem\",\"position\":2,\"name\":\"A tribuna como espa\u00e7o de voz do cidad\u00e3o\"}]},{\"@type\":\"WebSite\",\"@id\":\"https:\\\/\\\/embrevenoar.com.br\\\/paulo\\\/#website\",\"url\":\"https:\\\/\\\/embrevenoar.com.br\\\/paulo\\\/\",\"name\":\"Portal Paulo Italo Sales\",\"description\":\"Portal informativo com conte\u00fados, lutas e a\u00e7\u00f5es voltadas \u00e0 comunidade de Canind\u00e9.\",\"potentialAction\":[{\"@type\":\"SearchAction\",\"target\":{\"@type\":\"EntryPoint\",\"urlTemplate\":\"https:\\\/\\\/embrevenoar.com.br\\\/paulo\\\/?s={search_term_string}\"},\"query-input\":{\"@type\":\"PropertyValueSpecification\",\"valueRequired\":true,\"valueName\":\"search_term_string\"}}],\"inLanguage\":\"pt-BR\"},{\"@type\":\"Person\",\"@id\":\"https:\\\/\\\/embrevenoar.com.br\\\/paulo\\\/#\\\/schema\\\/person\\\/7c52fa0293215bbbb72ca7bd45b7c9cb\",\"name\":\"Paulo Italo\",\"image\":{\"@type\":\"ImageObject\",\"inLanguage\":\"pt-BR\",\"@id\":\"https:\\\/\\\/embrevenoar.com.br\\\/paulo\\\/wp-content\\\/litespeed\\\/avatar\\\/4dfac76d4af40ae90b81d7488de0ae1d.jpg?ver=1787822172\",\"url\":\"https:\\\/\\\/embrevenoar.com.br\\\/paulo\\\/wp-content\\\/litespeed\\\/avatar\\\/4dfac76d4af40ae90b81d7488de0ae1d.jpg?ver=1787822172\",\"contentUrl\":\"https:\\\/\\\/embrevenoar.com.br\\\/paulo\\\/wp-content\\\/litespeed\\\/avatar\\\/4dfac76d4af40ae90b81d7488de0ae1d.jpg?ver=1787822172\",\"caption\":\"Paulo Italo\"},\"url\":\"https:\\\/\\\/embrevenoar.com.br\\\/paulo\\\/author\\\/pauloitalo\\\/\"}]}<\/script>\n<!-- \/ Yoast SEO plugin. -->","yoast_head_json":{"title":"A tribuna como espa\u00e7o de voz do cidad\u00e3o em Canind\u00e9","description":"Saiba como a atua\u00e7\u00e3o na C\u00e2mara Municipal levou pautas importantes como sa\u00fade da mulher, educa\u00e7\u00e3o inclusiva e defesa da cidade.","robots":{"index":"index","follow":"follow","max-snippet":"max-snippet:-1","max-image-preview":"max-image-preview:large","max-video-preview":"max-video-preview:-1"},"canonical":"https:\/\/embrevenoar.com.br\/paulo\/a-tribuna-como-espaco-de-voz-do-cidadao\/","og_locale":"pt_BR","og_type":"article","og_title":"A tribuna como espa\u00e7o de voz do cidad\u00e3o em Canind\u00e9","og_description":"Saiba como a atua\u00e7\u00e3o na C\u00e2mara Municipal levou pautas importantes como sa\u00fade da mulher, educa\u00e7\u00e3o inclusiva e defesa da cidade.","og_url":"https:\/\/embrevenoar.com.br\/paulo\/a-tribuna-como-espaco-de-voz-do-cidadao\/","og_site_name":"Portal Paulo Italo Sales","article_published_time":"2026-06-24T19:46:47+00:00","article_modified_time":"2026-06-24T21:14:49+00:00","og_image":[{"width":1200,"height":670,"url":"https:\/\/embrevenoar.com.br\/paulo\/wp-content\/uploads\/2026\/06\/post4.webp","type":"image\/webp"}],"author":"Paulo Italo","twitter_card":"summary_large_image","twitter_misc":{"Escrito por":"Paulo Italo","Est. tempo de leitura":"3 minutos"},"schema":{"@context":"https:\/\/schema.org","@graph":[{"@type":"Article","@id":"https:\/\/embrevenoar.com.br\/paulo\/a-tribuna-como-espaco-de-voz-do-cidadao\/#article","isPartOf":{"@id":"https:\/\/embrevenoar.com.br\/paulo\/a-tribuna-como-espaco-de-voz-do-cidadao\/"},"author":{"name":"Paulo Italo","@id":"https:\/\/embrevenoar.com.br\/paulo\/#\/schema\/person\/7c52fa0293215bbbb72ca7bd45b7c9cb"},"headline":"A tribuna como espa\u00e7o de voz do cidad\u00e3o","datePublished":"2026-06-24T19:46:47+00:00","dateModified":"2026-06-24T21:14:49+00:00","mainEntityOfPage":{"@id":"https:\/\/embrevenoar.com.br\/paulo\/a-tribuna-como-espaco-de-voz-do-cidadao\/"},"wordCount":388,"image":{"@id":"https:\/\/embrevenoar.com.br\/paulo\/a-tribuna-como-espaco-de-voz-do-cidadao\/#primaryimage"},"thumbnailUrl":"https:\/\/embrevenoar.com.br\/paulo\/wp-content\/uploads\/2026\/06\/post4.webp","keywords":["alvar\u00e1s","atua\u00e7\u00e3o legislativa","c\u00e2mara municipal","Canind\u00e9","moradia popular","projetos de lei","salas neurossensoriais","sa\u00fade da mulher","tribuna","urbanismo"],"articleSection":["C\u00e2mara Municipal"],"inLanguage":"pt-BR"},{"@type":"WebPage","@id":"https:\/\/embrevenoar.com.br\/paulo\/a-tribuna-como-espaco-de-voz-do-cidadao\/","url":"https:\/\/embrevenoar.com.br\/paulo\/a-tribuna-como-espaco-de-voz-do-cidadao\/","name":"A tribuna como espa\u00e7o de voz do cidad\u00e3o em Canind\u00e9","isPartOf":{"@id":"https:\/\/embrevenoar.com.br\/paulo\/#website"},"primaryImageOfPage":{"@id":"https:\/\/embrevenoar.com.br\/paulo\/a-tribuna-como-espaco-de-voz-do-cidadao\/#primaryimage"},"image":{"@id":"https:\/\/embrevenoar.com.br\/paulo\/a-tribuna-como-espaco-de-voz-do-cidadao\/#primaryimage"},"thumbnailUrl":"https:\/\/embrevenoar.com.br\/paulo\/wp-content\/uploads\/2026\/06\/post4.webp","datePublished":"2026-06-24T19:46:47+00:00","dateModified":"2026-06-24T21:14:49+00:00","author":{"@id":"https:\/\/embrevenoar.com.br\/paulo\/#\/schema\/person\/7c52fa0293215bbbb72ca7bd45b7c9cb"},"description":"Saiba como a atua\u00e7\u00e3o na C\u00e2mara Municipal levou pautas importantes como sa\u00fade da mulher, educa\u00e7\u00e3o inclusiva e defesa da cidade.","breadcrumb":{"@id":"https:\/\/embrevenoar.com.br\/paulo\/a-tribuna-como-espaco-de-voz-do-cidadao\/#breadcrumb"},"inLanguage":"pt-BR","potentialAction":[{"@type":"ReadAction","target":["https:\/\/embrevenoar.com.br\/paulo\/a-tribuna-como-espaco-de-voz-do-cidadao\/"]}]},{"@type":"ImageObject","inLanguage":"pt-BR","@id":"https:\/\/embrevenoar.com.br\/paulo\/a-tribuna-como-espaco-de-voz-do-cidadao\/#primaryimage","url":"https:\/\/embrevenoar.com.br\/paulo\/wp-content\/uploads\/2026\/06\/post4.webp","contentUrl":"https:\/\/embrevenoar.com.br\/paulo\/wp-content\/uploads\/2026\/06\/post4.webp","width":1200,"height":670},{"@type":"BreadcrumbList","@id":"https:\/\/embrevenoar.com.br\/paulo\/a-tribuna-como-espaco-de-voz-do-cidadao\/#breadcrumb","itemListElement":[{"@type":"ListItem","position":1,"name":"In\u00edcio","item":"https:\/\/embrevenoar.com.br\/paulo\/"},{"@type":"ListItem","position":2,"name":"A tribuna como espa\u00e7o de voz do cidad\u00e3o"}]},{"@type":"WebSite","@id":"https:\/\/embrevenoar.com.br\/paulo\/#website","url":"https:\/\/embrevenoar.com.br\/paulo\/","name":"Portal Paulo Italo Sales","description":"Portal informativo com conte\u00fados, lutas e a\u00e7\u00f5es voltadas \u00e0 comunidade de Canind\u00e9.","potentialAction":[{"@type":"SearchAction","target":{"@type":"EntryPoint","urlTemplate":"https:\/\/embrevenoar.com.br\/paulo\/?s={search_term_string}"},"query-input":{"@type":"PropertyValueSpecification","valueRequired":true,"valueName":"search_term_string"}}],"inLanguage":"pt-BR"},{"@type":"Person","@id":"https:\/\/embrevenoar.com.br\/paulo\/#\/schema\/person\/7c52fa0293215bbbb72ca7bd45b7c9cb","name":"Paulo Italo","image":{"@type":"ImageObject","inLanguage":"pt-BR","@id":"https:\/\/embrevenoar.com.br\/paulo\/wp-content\/litespeed\/avatar\/4dfac76d4af40ae90b81d7488de0ae1d.jpg?ver=1787822172","url":"https:\/\/embrevenoar.com.br\/paulo\/wp-content\/litespeed\/avatar\/4dfac76d4af40ae90b81d7488de0ae1d.jpg?ver=1787822172","contentUrl":"https:\/\/embrevenoar.com.br\/paulo\/wp-content\/litespeed\/avatar\/4dfac76d4af40ae90b81d7488de0ae1d.jpg?ver=1787822172","caption":"Paulo Italo"},"url":"https:\/\/embrevenoar.com.br\/paulo\/author\/pauloitalo\/"}]}},"views":38,"_links":{"self":[{"href":"https:\/\/embrevenoar.com.br\/paulo\/wp-json\/wp\/v2\/posts\/936","targetHints":{"allow":["GET"]}}],"collection":[{"href":"https:\/\/embrevenoar.com.br\/paulo\/wp-json\/wp\/v2\/posts"}],"about":[{"href":"https:\/\/embrevenoar.com.br\/paulo\/wp-json\/wp\/v2\/types\/post"}],"author":[{"embeddable":true,"href":"https:\/\/embrevenoar.com.br\/paulo\/wp-json\/wp\/v2\/users\/2"}],"replies":[{"embeddable":true,"href":"https:\/\/embrevenoar.com.br\/paulo\/wp-json\/wp\/v2\/comments?post=936"}],"version-history":[{"count":0,"href":"https:\/\/embrevenoar.com.br\/paulo\/wp-json\/wp\/v2\/posts\/936\/revisions"}],"wp:featuredmedia":[{"embeddable":true,"href":"https:\/\/embrevenoar.com.br\/paulo\/wp-json\/wp\/v2\/media\/891"}],"wp:attachment":[{"href":"https:\/\/embrevenoar.com.br\/paulo\/wp-json\/wp\/v2\/media?parent=936"}],"wp:term":[{"taxonomy":"category","embeddable":true,"href":"https:\/\/embrevenoar.com.br\/paulo\/wp-json\/wp\/v2\/categories?post=936"},{"taxonomy":"post_tag","embeddable":true,"href":"https:\/\/embrevenoar.com.br\/paulo\/wp-json\/wp\/v2\/tags?post=936"}],"curies":[{"name":"wp","href":"https:\/\/api.w.org\/{rel}","templated":true}]}}