{"id":1515,"date":"2025-08-01T01:47:17","date_gmt":"2025-08-01T04:47:17","guid":{"rendered":"https:\/\/embrevenoar.com.br\/primieri\/?p=1515"},"modified":"2025-08-01T02:06:11","modified_gmt":"2025-08-01T05:06:11","slug":"diferenca-seguro-auto-patrimonial","status":"publish","type":"post","link":"https:\/\/embrevenoar.com.br\/primieri\/diferenca-seguro-auto-patrimonial\/","title":{"rendered":"Seguro Auto x Seguro Patrimonial: entenda as diferen\u00e7as e quando contratar cada um"},"content":{"rendered":"\n<p class=\"wp-block-paragraph\">Voc\u00ea precisa proteger seu patrim\u00f4nio, mas n\u00e3o sabe qual seguro escolher? Muitas pessoas confundem as fun\u00e7\u00f5es do Seguro Auto e do Seguro Patrimonial \u2014 e acabam contratando coberturas inadequadas. Neste artigo, explicamos as diferen\u00e7as entre esses dois tipos de seguro e em quais situa\u00e7\u00f5es cada um \u00e9 mais indicado.<\/p>\n\n\n\n<p class=\"wp-block-paragraph\"><\/p>\n\n\n\n<h2 class=\"wp-block-heading\">O que \u00e9 o Seguro Auto?<\/h2>\n\n\n\n<p class=\"wp-block-paragraph\">O Seguro Auto cobre danos ao ve\u00edculo segurado (em colis\u00f5es, furtos, roubo, inc\u00eandios) e danos materiais e pessoais a terceiros (RCF-V) \u2014 com servi\u00e7os adicionais como guincho, troca de pneus e carro reserva.<br>\u00c9 ideal para:<\/p>\n\n\n\n<ul class=\"wp-block-list\">\n<li>Condutores particulares\u00a0<\/li>\n\n\n\n<li>Prestadores de servi\u00e7os<\/li>\n\n\n\n<li>Motoristas de aplicativo<\/li>\n\n\n\n<li>Empresas com frota de ve\u00edculos<\/li>\n<\/ul>\n\n\n\n<h2 class=\"wp-block-heading\">O que \u00e9 o Seguro Patrimonial?<\/h2>\n\n\n\n<p class=\"wp-block-paragraph\">O Seguro Patrimonial protege im\u00f3veis (residenciais ou comerciais) contra danos como:<\/p>\n\n\n\n<ul class=\"wp-block-list\">\n<li>Inc\u00eandio, explos\u00e3o, vendaval<\/li>\n\n\n\n<li>Roubo e furto qualificado<\/li>\n\n\n\n<li>Danos el\u00e9tricos<\/li>\n\n\n\n<li>Responsabilidade civil por acidentes na propriedade<\/li>\n<\/ul>\n\n\n\n<p class=\"wp-block-paragraph\">Serve tanto para pessoas f\u00edsicas quanto jur\u00eddicas, especialmente em:<\/p>\n\n\n\n<ul class=\"wp-block-list\">\n<li>Resid\u00eancias<\/li>\n\n\n\n<li>Condom\u00ednios<\/li>\n\n\n\n<li>Estabelecimentos comerciais\u00a0<\/li>\n\n\n\n<li>Escrit\u00f3rios e Consult\u00f3rios<br><\/li>\n<\/ul>\n\n\n\n<h2 class=\"wp-block-heading\">Posso contratar os dois?<\/h2>\n\n\n\n<p class=\"wp-block-paragraph\">Sim. Um n\u00e3o substitui o outro. Se sua empresa possui sede f\u00edsica e ve\u00edculos, \u00e9 necess\u00e1rio ter ambos para garantir cobertura completa.<\/p>\n\n\n\n<p class=\"wp-block-paragraph\">Cada tipo de seguro atende a um prop\u00f3sito espec\u00edfico. O mais importante \u00e9 avaliar suas necessidades e contar com uma consultoria que personalize a contrata\u00e7\u00e3o.<\/p>\n\n\n\n<p class=\"wp-block-paragraph\">A Primi\u00e9ri &amp; Luvizetto oferece suporte especializado para voc\u00ea fazer a escolha certa com o melhor custo-benef\u00edcio.<\/p>\n","protected":false},"excerpt":{"rendered":"<p>Veja as diferen\u00e7as e saiba qual contratar para sua necessidade.<\/p>\n","protected":false},"author":1,"featured_media":1516,"comment_status":"open","ping_status":"open","sticky":false,"template":"","format":"standard","meta":{"footnotes":""},"categories":[12],"tags":[15,13,14],"class_list":["post-1515","post","type-post","status-publish","format-standard","has-post-thumbnail","hentry","category-seguro-auto-seguro-patrimonial","tag-diferenca-seguro-auto-e-patrimonial","tag-seguro-auto","tag-seguro-patrimonial"],"_links":{"self":[{"href":"https:\/\/embrevenoar.com.br\/primieri\/wp-json\/wp\/v2\/posts\/1515","targetHints":{"allow":["GET"]}}],"collection":[{"href":"https:\/\/embrevenoar.com.br\/primieri\/wp-json\/wp\/v2\/posts"}],"about":[{"href":"https:\/\/embrevenoar.com.br\/primieri\/wp-json\/wp\/v2\/types\/post"}],"author":[{"embeddable":true,"href":"https:\/\/embrevenoar.com.br\/primieri\/wp-json\/wp\/v2\/users\/1"}],"replies":[{"embeddable":true,"href":"https:\/\/embrevenoar.com.br\/primieri\/wp-json\/wp\/v2\/comments?post=1515"}],"version-history":[{"count":2,"href":"https:\/\/embrevenoar.com.br\/primieri\/wp-json\/wp\/v2\/posts\/1515\/revisions"}],"predecessor-version":[{"id":1528,"href":"https:\/\/embrevenoar.com.br\/primieri\/wp-json\/wp\/v2\/posts\/1515\/revisions\/1528"}],"wp:featuredmedia":[{"embeddable":true,"href":"https:\/\/embrevenoar.com.br\/primieri\/wp-json\/wp\/v2\/media\/1516"}],"wp:attachment":[{"href":"https:\/\/embrevenoar.com.br\/primieri\/wp-json\/wp\/v2\/media?parent=1515"}],"wp:term":[{"taxonomy":"category","embeddable":true,"href":"https:\/\/embrevenoar.com.br\/primieri\/wp-json\/wp\/v2\/categories?post=1515"},{"taxonomy":"post_tag","embeddable":true,"href":"https:\/\/embrevenoar.com.br\/primieri\/wp-json\/wp\/v2\/tags?post=1515"}],"curies":[{"name":"wp","href":"https:\/\/api.w.org\/{rel}","templated":true}]}}