{"id":219,"date":"2026-01-29T11:49:54","date_gmt":"2026-01-29T14:49:54","guid":{"rendered":"https:\/\/embrevenoar.com.br\/xerim\/?p=219"},"modified":"2026-01-29T11:50:13","modified_gmt":"2026-01-29T14:50:13","slug":"tradicao-processo-o-que-esta-por-tras-de-um-bom-pao-de-queijo-de-fabrica","status":"publish","type":"post","link":"https:\/\/embrevenoar.com.br\/xerim\/tradicao-processo-o-que-esta-por-tras-de-um-bom-pao-de-queijo-de-fabrica\/","title":{"rendered":"Tradi\u00e7\u00e3o + processo: o que est\u00e1 por tr\u00e1s de um bom p\u00e3o de queijo de f\u00e1brica"},"content":{"rendered":"\n<p class=\"wp-block-paragraph\">N\u00e3o basta dizer \u201csabor de Minas\u201d: \u00e9 preciso ter estrutura, t\u00e9cnica e responsabilidade em cada etapa da produ\u00e7\u00e3o.<\/p>\n\n\n\n<p class=\"wp-block-paragraph\">Quando se fala em p\u00e3o de queijo, \u00e9 comum ouvir express\u00f5es como \u201creceita tradicional\u201d, \u201cfeito com carinho\u201d ou \u201csabor de Minas\u201d. S\u00e3o frases bonitas, mas, na pr\u00e1tica, o que realmente garante um produto confi\u00e1vel para quem vende e para quem consome vai muito al\u00e9m do discurso.<\/p>\n\n\n\n<p class=\"wp-block-paragraph\">Por tr\u00e1s de um bom p\u00e3o de queijo de f\u00e1brica existe uma combina\u00e7\u00e3o de tradi\u00e7\u00e3o e processo. A tradi\u00e7\u00e3o entra na escolha dos insumos, no cuidado com o sabor e no respeito \u00e0 cultura mineira. J\u00e1 o processo aparece na forma como a f\u00e1brica organiza cada etapa: recebimento de ingredientes, preparo da massa, padroniza\u00e7\u00e3o das por\u00e7\u00f5es, congelamento, armazenamento e envio ao cliente.<\/p>\n\n\n\n<p class=\"wp-block-paragraph\">Quando esses dois elementos caminham juntos, o resultado \u00e9 um produto que n\u00e3o s\u00f3 \u00e9 gostoso, mas tamb\u00e9m previs\u00edvel. Isso significa que o supermercado, a padaria ou o caf\u00e9 podem confiar que o p\u00e3o de queijo vai assar do mesmo jeito hoje, amanh\u00e3 e daqui a alguns meses. Para o consumidor final, essa const\u00e2ncia \u00e9 percebida como qualidade. Para o lojista, \u00e9 seguran\u00e7a para trabalhar o produto com mais destaque.<\/p>\n\n\n\n<p class=\"wp-block-paragraph\">Outro ponto essencial \u00e9 a seguran\u00e7a alimentar. Uma f\u00e1brica s\u00e9ria n\u00e3o trata isso como detalhe, mas como pilar do neg\u00f3cio. Boas pr\u00e1ticas de higiene, controle de temperatura, rastreabilidade e equipe treinada fazem parte da rotina. Isso protege a marca, o ponto de venda e, principalmente, o cliente que leva o p\u00e3o de queijo para a mesa da fam\u00edlia.<\/p>\n\n\n\n<p class=\"wp-block-paragraph\">No fim das contas, o verdadeiro diferencial n\u00e3o est\u00e1 apenas em dizer que o produto \u00e9 \u201cde Minas\u201d, mas em mostrar que existe uma estrutura pronta para honrar essa origem, lote ap\u00f3s lote. Tradi\u00e7\u00e3o \u00e9 o come\u00e7o da hist\u00f3ria; processo \u00e9 o que garante que ela seja bem contada todos os dias.<\/p>\n","protected":false},"excerpt":{"rendered":"<p>N\u00e3o basta dizer \u201csabor de Minas\u201d: \u00e9 preciso ter estrutura, t\u00e9cnica e responsabilidade em cada etapa da produ\u00e7\u00e3o. Quando se fala em p\u00e3o de queijo, \u00e9 comum ouvir express\u00f5es como \u201creceita tradicional\u201d, \u201cfeito com carinho\u201d ou \u201csabor de Minas\u201d. S\u00e3o frases bonitas, mas, na pr\u00e1tica, o que realmente garante um produto confi\u00e1vel para quem vende [&hellip;]<\/p>\n","protected":false},"author":1,"featured_media":220,"comment_status":"open","ping_status":"open","sticky":false,"template":"","format":"standard","meta":{"footnotes":""},"categories":[],"tags":[11],"class_list":["post-219","post","type-post","status-publish","format-standard","has-post-thumbnail","hentry","tag-pao-de-queijo-tradicional"],"_links":{"self":[{"href":"https:\/\/embrevenoar.com.br\/xerim\/wp-json\/wp\/v2\/posts\/219","targetHints":{"allow":["GET"]}}],"collection":[{"href":"https:\/\/embrevenoar.com.br\/xerim\/wp-json\/wp\/v2\/posts"}],"about":[{"href":"https:\/\/embrevenoar.com.br\/xerim\/wp-json\/wp\/v2\/types\/post"}],"author":[{"embeddable":true,"href":"https:\/\/embrevenoar.com.br\/xerim\/wp-json\/wp\/v2\/users\/1"}],"replies":[{"embeddable":true,"href":"https:\/\/embrevenoar.com.br\/xerim\/wp-json\/wp\/v2\/comments?post=219"}],"version-history":[{"count":1,"href":"https:\/\/embrevenoar.com.br\/xerim\/wp-json\/wp\/v2\/posts\/219\/revisions"}],"predecessor-version":[{"id":221,"href":"https:\/\/embrevenoar.com.br\/xerim\/wp-json\/wp\/v2\/posts\/219\/revisions\/221"}],"wp:featuredmedia":[{"embeddable":true,"href":"https:\/\/embrevenoar.com.br\/xerim\/wp-json\/wp\/v2\/media\/220"}],"wp:attachment":[{"href":"https:\/\/embrevenoar.com.br\/xerim\/wp-json\/wp\/v2\/media?parent=219"}],"wp:term":[{"taxonomy":"category","embeddable":true,"href":"https:\/\/embrevenoar.com.br\/xerim\/wp-json\/wp\/v2\/categories?post=219"},{"taxonomy":"post_tag","embeddable":true,"href":"https:\/\/embrevenoar.com.br\/xerim\/wp-json\/wp\/v2\/tags?post=219"}],"curies":[{"name":"wp","href":"https:\/\/api.w.org\/{rel}","templated":true}]}}